{"id":2905,"date":"2016-07-20T20:10:26","date_gmt":"2016-07-20T18:10:26","guid":{"rendered":"http:\/\/opeo-conseil.fr\/actualites\/tribune-quelle-sera-la-france-industrielle-de-2025\/"},"modified":"2025-01-21T10:07:07","modified_gmt":"2025-01-21T09:07:07","slug":"tribune-quelle-sera-la-france-industrielle-de-2025","status":"publish","type":"post","link":"https:\/\/opeo.consulting\/en\/actualites-publications\/tribune-quelle-sera-la-france-industrielle-de-2025\/","title":{"rendered":"[TRIBUNE] Quelle sera la France industrielle de 2025 ?"},"content":{"rendered":"<p>\u00ab\u00a0<a href=\"https:\/\/www.challenges.fr\/tribunes\/quelle-sera-la-france-industrielle-de-2025_422224\">Quelle sera la France industrielle de 2025\u2009?<\/a>\u00a0\u00bb\u00a0: telle est la question pos\u00e9e par Micha\u00ebl Valentin, directeur associ\u00e9 d\u2019OPEO, dans sa derni\u00e8re tribune publi\u00e9e sur le site de Challenges. De multiples r\u00e9ponses sont possibles, mais Micha\u00ebl Valentin veut croire en une France industrielle qui a r\u00e9ussi \u00e0 r\u00e9v\u00e9ler son potentiel et connecter les Hommes.<\/p>\n<p>Connecter les Hommes, c\u2019est bien s\u00fbr travailler sur le duo homme-machine, mais c\u2019est plus encore. C\u2019est amener les Hommes \u00e0 travailler ensemble\u00a0: \u00e9quipes de d\u00e9veloppement et clients, direction, manager et op\u00e9rateur, usine et territoire. La France industrielle de demain fera de l\u2019intelligence collective un imp\u00e9ratif de comp\u00e9titivit\u00e9 industrielle.<\/p>\n<p>Pour Micha\u00ebl Valentin, viser le \u00ab haut d\u00e9bit \u00bb entre les Hommes est une opportunit\u00e9 pour cr\u00e9er nos \u00ab\u00a0licornes industrielles \u00bb. Mais rendre cet avenir possible r\u00e9pond \u00e0 un d\u00e9fi qu\u2019il faut relever aujourd\u2019hui.<\/p>\n<p>Bonne lecture\u00a0!<\/p>\n","protected":false},"excerpt":{"rendered":"<p>\u00ab\u00a0Quelle sera la France industrielle de 2025\u2009?\u00a0\u00bb\u00a0: telle est la question pos\u00e9e par Micha\u00ebl Valentin, directeur associ\u00e9 d\u2019OPEO, dans sa derni\u00e8re tribune publi\u00e9e sur le site de Challenges. De multiples r\u00e9ponses sont possibles, mais Micha\u00ebl Valentin veut croire en une France industrielle qui a r\u00e9ussi \u00e0 r\u00e9v\u00e9ler son potentiel et connecter les Hommes. Connecter les [&hellip;]<\/p>\n","protected":false},"author":1,"featured_media":0,"comment_status":"closed","ping_status":"open","sticky":false,"template":"","format":"standard","meta":{"_acf_changed":false,"content-type":"","_jetpack_memberships_contains_paid_content":false,"footnotes":""},"categories":[18,64],"tags":[],"class_list":["post-2905","post","type-post","status-publish","format-standard","hentry","category-tech-en","category-presse-en"],"acf":{"image":{"ID":1053,"id":1053,"title":"Numerique-petit","filename":"Numerique-petit.png","filesize":210457,"url":"https:\/\/opeo.consulting\/wp-content\/uploads\/2020\/08\/Numerique-petit.png","link":"https:\/\/opeo.consulting\/en\/numerique-petit\/","alt":"","author":"1","description":"","caption":"","name":"numerique-petit","status":"inherit","uploaded_to":0,"date":"2020-08-21 17:42:21","modified":"2020-08-24 07:41:08","menu_order":0,"mime_type":"image\/png","type":"image","subtype":"png","icon":"https:\/\/opeo.consulting\/wp-includes\/images\/media\/default.png","width":414,"height":300,"sizes":{"thumbnail":"https:\/\/opeo.consulting\/wp-content\/uploads\/2020\/08\/Numerique-petit-150x150.png","thumbnail-width":150,"thumbnail-height":150,"medium":"https:\/\/opeo.consulting\/wp-content\/uploads\/2020\/08\/Numerique-petit-300x217.png","medium-width":300,"medium-height":217,"medium_large":"https:\/\/opeo.consulting\/wp-content\/uploads\/2020\/08\/Numerique-petit.png","medium_large-width":414,"medium_large-height":300,"large":"https:\/\/opeo.consulting\/wp-content\/uploads\/2020\/08\/Numerique-petit.png","large-width":414,"large-height":300,"1536x1536":"https:\/\/opeo.consulting\/wp-content\/uploads\/2020\/08\/Numerique-petit.png","1536x1536-width":414,"1536x1536-height":300,"2048x2048":"https:\/\/opeo.consulting\/wp-content\/uploads\/2020\/08\/Numerique-petit.png","2048x2048-width":414,"2048x2048-height":300,"background-desktop":"https:\/\/opeo.consulting\/wp-content\/uploads\/2020\/08\/Numerique-petit.png","background-desktop-width":414,"background-desktop-height":300,"background-mobile":"https:\/\/opeo.consulting\/wp-content\/uploads\/2020\/08\/Numerique-petit.png","background-mobile-width":414,"background-mobile-height":300,"news":"https:\/\/opeo.consulting\/wp-content\/uploads\/2020\/08\/Numerique-petit.png","news-width":414,"news-height":300,"medium-thumbnail":"https:\/\/opeo.consulting\/wp-content\/uploads\/2020\/08\/Numerique-petit.png","medium-thumbnail-width":414,"medium-thumbnail-height":300,"big-thumbnail":"https:\/\/opeo.consulting\/wp-content\/uploads\/2020\/08\/Numerique-petit.png","big-thumbnail-width":414,"big-thumbnail-height":300,"card":"https:\/\/opeo.consulting\/wp-content\/uploads\/2020\/08\/Numerique-petit.png","card-width":414,"card-height":300}},"introduction":"<p>Micha\u00ebl Valentin, Directeur associ\u00e9 d&#8217;OPEO, nous fait voyager dans sa derni\u00e8re tribune vers un univers industriel futuriste, dans lequel l&#8217;Homme est connect\u00e9.<\/p>\n","alt_title":"La France industrielle de 2025","short_description":"20 juillet 2016","author":false,"sector":["Industrie lourde et de process","A\u00e9ronautique et d\u00e9fense","Automobile"],"expertise":["Strat\u00e9gie industrielle & restructuration","Performance et excellence op\u00e9rationnelle"]},"yoast_head":"<!-- This site is optimized with the Yoast SEO plugin v27.3 - https:\/\/yoast.com\/product\/yoast-seo-wordpress\/ -->\n<title>[TRIBUNE] Quelle sera la France industrielle de 2025 ? - OPEO<\/title>\n<meta name=\"description\" content=\"\u00ab Quelle sera la France industrielle de 2025\u2009? \u00bb : telle est la question pos\u00e9e par Micha\u00ebl Valentin, directeur associ\u00e9 d\u2019OPEO, dans sa derni\u00e8re tribune.\" \/>\n<meta name=\"robots\" content=\"index, follow, max-snippet:-1, max-image-preview:large, max-video-preview:-1\" \/>\n<link rel=\"canonical\" href=\"https:\/\/opeo.consulting\/en\/actualites-publications\/tribune-quelle-sera-la-france-industrielle-de-2025\/\" \/>\n<meta property=\"og:locale\" content=\"en_US\" \/>\n<meta property=\"og:type\" content=\"article\" \/>\n<meta property=\"og:title\" content=\"[TRIBUNE] Quelle sera la France industrielle de 2025 ? - OPEO\" \/>\n<meta property=\"og:description\" content=\"\u00ab Quelle sera la France industrielle de 2025\u2009? \u00bb : telle est la question pos\u00e9e par Micha\u00ebl Valentin, directeur associ\u00e9 d\u2019OPEO, dans sa derni\u00e8re tribune.\" \/>\n<meta property=\"og:url\" content=\"https:\/\/opeo.consulting\/en\/actualites-publications\/tribune-quelle-sera-la-france-industrielle-de-2025\/\" \/>\n<meta property=\"og:site_name\" content=\"OPEO\" \/>\n<meta property=\"article:published_time\" content=\"2016-07-20T18:10:26+00:00\" \/>\n<meta property=\"article:modified_time\" content=\"2025-01-21T09:07:07+00:00\" \/>\n<meta name=\"author\" content=\"vq-admin\" \/>\n<meta name=\"twitter:card\" content=\"summary_large_image\" \/>\n<meta name=\"twitter:label1\" content=\"Written by\" \/>\n\t<meta name=\"twitter:data1\" content=\"vq-admin\" \/>\n\t<meta name=\"twitter:label2\" content=\"Est. reading time\" \/>\n\t<meta name=\"twitter:data2\" content=\"1 minute\" \/>\n<script type=\"application\/ld+json\" class=\"yoast-schema-graph\">{\"@context\":\"https:\\\/\\\/schema.org\",\"@graph\":[{\"@type\":\"Article\",\"@id\":\"https:\\\/\\\/opeo.consulting\\\/en\\\/actualites-publications\\\/tribune-quelle-sera-la-france-industrielle-de-2025\\\/#article\",\"isPartOf\":{\"@id\":\"https:\\\/\\\/opeo.consulting\\\/en\\\/actualites-publications\\\/tribune-quelle-sera-la-france-industrielle-de-2025\\\/\"},\"author\":{\"name\":\"vq-admin\",\"@id\":\"https:\\\/\\\/opeo.consulting\\\/en\\\/#\\\/schema\\\/person\\\/8a389581be3d1e87683d300e467d9abb\"},\"headline\":\"[TRIBUNE] Quelle sera la France industrielle de 2025 ?\",\"datePublished\":\"2016-07-20T18:10:26+00:00\",\"dateModified\":\"2025-01-21T09:07:07+00:00\",\"mainEntityOfPage\":{\"@id\":\"https:\\\/\\\/opeo.consulting\\\/en\\\/actualites-publications\\\/tribune-quelle-sera-la-france-industrielle-de-2025\\\/\"},\"wordCount\":163,\"publisher\":{\"@id\":\"https:\\\/\\\/opeo.consulting\\\/en\\\/#organization\"},\"articleSection\":[\"Tech\",\"Presse\"],\"inLanguage\":\"en-US\"},{\"@type\":\"WebPage\",\"@id\":\"https:\\\/\\\/opeo.consulting\\\/en\\\/actualites-publications\\\/tribune-quelle-sera-la-france-industrielle-de-2025\\\/\",\"url\":\"https:\\\/\\\/opeo.consulting\\\/en\\\/actualites-publications\\\/tribune-quelle-sera-la-france-industrielle-de-2025\\\/\",\"name\":\"[TRIBUNE] Quelle sera la France industrielle de 2025 ? - OPEO\",\"isPartOf\":{\"@id\":\"https:\\\/\\\/opeo.consulting\\\/en\\\/#website\"},\"datePublished\":\"2016-07-20T18:10:26+00:00\",\"dateModified\":\"2025-01-21T09:07:07+00:00\",\"description\":\"\u00ab Quelle sera la France industrielle de 2025\u2009? \u00bb : telle est la question pos\u00e9e par Micha\u00ebl Valentin, directeur associ\u00e9 d\u2019OPEO, dans sa derni\u00e8re tribune.\",\"breadcrumb\":{\"@id\":\"https:\\\/\\\/opeo.consulting\\\/en\\\/actualites-publications\\\/tribune-quelle-sera-la-france-industrielle-de-2025\\\/#breadcrumb\"},\"inLanguage\":\"en-US\",\"potentialAction\":[{\"@type\":\"ReadAction\",\"target\":[\"https:\\\/\\\/opeo.consulting\\\/en\\\/actualites-publications\\\/tribune-quelle-sera-la-france-industrielle-de-2025\\\/\"]}]},{\"@type\":\"BreadcrumbList\",\"@id\":\"https:\\\/\\\/opeo.consulting\\\/en\\\/actualites-publications\\\/tribune-quelle-sera-la-france-industrielle-de-2025\\\/#breadcrumb\",\"itemListElement\":[{\"@type\":\"ListItem\",\"position\":1,\"name\":\"Accueil\",\"item\":\"https:\\\/\\\/opeo.consulting\\\/en\\\/\"},{\"@type\":\"ListItem\",\"position\":2,\"name\":\"[TRIBUNE] Quelle sera la France industrielle de 2025 ?\"}]},{\"@type\":\"WebSite\",\"@id\":\"https:\\\/\\\/opeo.consulting\\\/en\\\/#website\",\"url\":\"https:\\\/\\\/opeo.consulting\\\/en\\\/\",\"name\":\"OPEO\",\"description\":\"Vos op\u00e9rations sont strat\u00e9giques\",\"publisher\":{\"@id\":\"https:\\\/\\\/opeo.consulting\\\/en\\\/#organization\"},\"potentialAction\":[{\"@type\":\"SearchAction\",\"target\":{\"@type\":\"EntryPoint\",\"urlTemplate\":\"https:\\\/\\\/opeo.consulting\\\/en\\\/?s={search_term_string}\"},\"query-input\":{\"@type\":\"PropertyValueSpecification\",\"valueRequired\":true,\"valueName\":\"search_term_string\"}}],\"inLanguage\":\"en-US\"},{\"@type\":\"Organization\",\"@id\":\"https:\\\/\\\/opeo.consulting\\\/en\\\/#organization\",\"name\":\"OPEO Conseil\",\"alternateName\":\"OPEO\",\"url\":\"https:\\\/\\\/opeo.consulting\\\/en\\\/\",\"logo\":{\"@type\":\"ImageObject\",\"inLanguage\":\"en-US\",\"@id\":\"https:\\\/\\\/opeo.consulting\\\/en\\\/#\\\/schema\\\/logo\\\/image\\\/\",\"url\":\"https:\\\/\\\/opeo.consulting\\\/wp-content\\\/uploads\\\/2020\\\/10\\\/cropped-Plan-de-travail-1.png\",\"contentUrl\":\"https:\\\/\\\/opeo.consulting\\\/wp-content\\\/uploads\\\/2020\\\/10\\\/cropped-Plan-de-travail-1.png\",\"width\":512,\"height\":512,\"caption\":\"OPEO Conseil\"},\"image\":{\"@id\":\"https:\\\/\\\/opeo.consulting\\\/en\\\/#\\\/schema\\\/logo\\\/image\\\/\"},\"sameAs\":[\"https:\\\/\\\/www.youtube.com\\\/@opeo.consulting\"]},{\"@type\":\"Person\",\"@id\":\"https:\\\/\\\/opeo.consulting\\\/en\\\/#\\\/schema\\\/person\\\/8a389581be3d1e87683d300e467d9abb\",\"name\":\"vq-admin\",\"image\":{\"@type\":\"ImageObject\",\"inLanguage\":\"en-US\",\"@id\":\"https:\\\/\\\/secure.gravatar.com\\\/avatar\\\/4d2f4ab99d8c07e06bf4e04b3dbeae7c597b76b585d421b8fb192f94172eef13?s=96&d=mm&r=g\",\"url\":\"https:\\\/\\\/secure.gravatar.com\\\/avatar\\\/4d2f4ab99d8c07e06bf4e04b3dbeae7c597b76b585d421b8fb192f94172eef13?s=96&d=mm&r=g\",\"contentUrl\":\"https:\\\/\\\/secure.gravatar.com\\\/avatar\\\/4d2f4ab99d8c07e06bf4e04b3dbeae7c597b76b585d421b8fb192f94172eef13?s=96&d=mm&r=g\",\"caption\":\"vq-admin\"},\"sameAs\":[\"http:\\\/\\\/opeo.consulting\"]}]}<\/script>\n<!-- \/ Yoast SEO plugin. -->","yoast_head_json":{"title":"[TRIBUNE] Quelle sera la France industrielle de 2025 ? - OPEO","description":"\u00ab Quelle sera la France industrielle de 2025\u2009? \u00bb : telle est la question pos\u00e9e par Micha\u00ebl Valentin, directeur associ\u00e9 d\u2019OPEO, dans sa derni\u00e8re tribune.","robots":{"index":"index","follow":"follow","max-snippet":"max-snippet:-1","max-image-preview":"max-image-preview:large","max-video-preview":"max-video-preview:-1"},"canonical":"https:\/\/opeo.consulting\/en\/actualites-publications\/tribune-quelle-sera-la-france-industrielle-de-2025\/","og_locale":"en_US","og_type":"article","og_title":"[TRIBUNE] Quelle sera la France industrielle de 2025 ? - OPEO","og_description":"\u00ab Quelle sera la France industrielle de 2025\u2009? \u00bb : telle est la question pos\u00e9e par Micha\u00ebl Valentin, directeur associ\u00e9 d\u2019OPEO, dans sa derni\u00e8re tribune.","og_url":"https:\/\/opeo.consulting\/en\/actualites-publications\/tribune-quelle-sera-la-france-industrielle-de-2025\/","og_site_name":"OPEO","article_published_time":"2016-07-20T18:10:26+00:00","article_modified_time":"2025-01-21T09:07:07+00:00","author":"vq-admin","twitter_card":"summary_large_image","twitter_misc":{"Written by":"vq-admin","Est. reading time":"1 minute"},"schema":{"@context":"https:\/\/schema.org","@graph":[{"@type":"Article","@id":"https:\/\/opeo.consulting\/en\/actualites-publications\/tribune-quelle-sera-la-france-industrielle-de-2025\/#article","isPartOf":{"@id":"https:\/\/opeo.consulting\/en\/actualites-publications\/tribune-quelle-sera-la-france-industrielle-de-2025\/"},"author":{"name":"vq-admin","@id":"https:\/\/opeo.consulting\/en\/#\/schema\/person\/8a389581be3d1e87683d300e467d9abb"},"headline":"[TRIBUNE] Quelle sera la France industrielle de 2025 ?","datePublished":"2016-07-20T18:10:26+00:00","dateModified":"2025-01-21T09:07:07+00:00","mainEntityOfPage":{"@id":"https:\/\/opeo.consulting\/en\/actualites-publications\/tribune-quelle-sera-la-france-industrielle-de-2025\/"},"wordCount":163,"publisher":{"@id":"https:\/\/opeo.consulting\/en\/#organization"},"articleSection":["Tech","Presse"],"inLanguage":"en-US"},{"@type":"WebPage","@id":"https:\/\/opeo.consulting\/en\/actualites-publications\/tribune-quelle-sera-la-france-industrielle-de-2025\/","url":"https:\/\/opeo.consulting\/en\/actualites-publications\/tribune-quelle-sera-la-france-industrielle-de-2025\/","name":"[TRIBUNE] Quelle sera la France industrielle de 2025 ? - OPEO","isPartOf":{"@id":"https:\/\/opeo.consulting\/en\/#website"},"datePublished":"2016-07-20T18:10:26+00:00","dateModified":"2025-01-21T09:07:07+00:00","description":"\u00ab Quelle sera la France industrielle de 2025\u2009? \u00bb : telle est la question pos\u00e9e par Micha\u00ebl Valentin, directeur associ\u00e9 d\u2019OPEO, dans sa derni\u00e8re tribune.","breadcrumb":{"@id":"https:\/\/opeo.consulting\/en\/actualites-publications\/tribune-quelle-sera-la-france-industrielle-de-2025\/#breadcrumb"},"inLanguage":"en-US","potentialAction":[{"@type":"ReadAction","target":["https:\/\/opeo.consulting\/en\/actualites-publications\/tribune-quelle-sera-la-france-industrielle-de-2025\/"]}]},{"@type":"BreadcrumbList","@id":"https:\/\/opeo.consulting\/en\/actualites-publications\/tribune-quelle-sera-la-france-industrielle-de-2025\/#breadcrumb","itemListElement":[{"@type":"ListItem","position":1,"name":"Accueil","item":"https:\/\/opeo.consulting\/en\/"},{"@type":"ListItem","position":2,"name":"[TRIBUNE] Quelle sera la France industrielle de 2025 ?"}]},{"@type":"WebSite","@id":"https:\/\/opeo.consulting\/en\/#website","url":"https:\/\/opeo.consulting\/en\/","name":"OPEO","description":"Vos op\u00e9rations sont strat\u00e9giques","publisher":{"@id":"https:\/\/opeo.consulting\/en\/#organization"},"potentialAction":[{"@type":"SearchAction","target":{"@type":"EntryPoint","urlTemplate":"https:\/\/opeo.consulting\/en\/?s={search_term_string}"},"query-input":{"@type":"PropertyValueSpecification","valueRequired":true,"valueName":"search_term_string"}}],"inLanguage":"en-US"},{"@type":"Organization","@id":"https:\/\/opeo.consulting\/en\/#organization","name":"OPEO Conseil","alternateName":"OPEO","url":"https:\/\/opeo.consulting\/en\/","logo":{"@type":"ImageObject","inLanguage":"en-US","@id":"https:\/\/opeo.consulting\/en\/#\/schema\/logo\/image\/","url":"https:\/\/opeo.consulting\/wp-content\/uploads\/2020\/10\/cropped-Plan-de-travail-1.png","contentUrl":"https:\/\/opeo.consulting\/wp-content\/uploads\/2020\/10\/cropped-Plan-de-travail-1.png","width":512,"height":512,"caption":"OPEO Conseil"},"image":{"@id":"https:\/\/opeo.consulting\/en\/#\/schema\/logo\/image\/"},"sameAs":["https:\/\/www.youtube.com\/@opeo.consulting"]},{"@type":"Person","@id":"https:\/\/opeo.consulting\/en\/#\/schema\/person\/8a389581be3d1e87683d300e467d9abb","name":"vq-admin","image":{"@type":"ImageObject","inLanguage":"en-US","@id":"https:\/\/secure.gravatar.com\/avatar\/4d2f4ab99d8c07e06bf4e04b3dbeae7c597b76b585d421b8fb192f94172eef13?s=96&d=mm&r=g","url":"https:\/\/secure.gravatar.com\/avatar\/4d2f4ab99d8c07e06bf4e04b3dbeae7c597b76b585d421b8fb192f94172eef13?s=96&d=mm&r=g","contentUrl":"https:\/\/secure.gravatar.com\/avatar\/4d2f4ab99d8c07e06bf4e04b3dbeae7c597b76b585d421b8fb192f94172eef13?s=96&d=mm&r=g","caption":"vq-admin"},"sameAs":["http:\/\/opeo.consulting"]}]}},"jetpack_featured_media_url":"","jetpack_sharing_enabled":true,"_links":{"self":[{"href":"https:\/\/opeo.consulting\/en\/wp-json\/wp\/v2\/posts\/2905","targetHints":{"allow":["GET"]}}],"collection":[{"href":"https:\/\/opeo.consulting\/en\/wp-json\/wp\/v2\/posts"}],"about":[{"href":"https:\/\/opeo.consulting\/en\/wp-json\/wp\/v2\/types\/post"}],"author":[{"embeddable":true,"href":"https:\/\/opeo.consulting\/en\/wp-json\/wp\/v2\/users\/1"}],"replies":[{"embeddable":true,"href":"https:\/\/opeo.consulting\/en\/wp-json\/wp\/v2\/comments?post=2905"}],"version-history":[{"count":0,"href":"https:\/\/opeo.consulting\/en\/wp-json\/wp\/v2\/posts\/2905\/revisions"}],"wp:attachment":[{"href":"https:\/\/opeo.consulting\/en\/wp-json\/wp\/v2\/media?parent=2905"}],"wp:term":[{"taxonomy":"category","embeddable":true,"href":"https:\/\/opeo.consulting\/en\/wp-json\/wp\/v2\/categories?post=2905"},{"taxonomy":"post_tag","embeddable":true,"href":"https:\/\/opeo.consulting\/en\/wp-json\/wp\/v2\/tags?post=2905"}],"curies":[{"name":"wp","href":"https:\/\/api.w.org\/{rel}","templated":true}]}}